{"id":21867,"date":"2025-02-28T15:04:52","date_gmt":"2025-02-28T14:04:52","guid":{"rendered":"https:\/\/gpc-gabon.com\/fr\/?p=21867"},"modified":"2025-02-28T15:04:53","modified_gmt":"2025-02-28T14:04:53","slug":"letat-gabonais-gpc-la-seeg-et-la-sp-reunis-autour-du-projet-ipp-owendo","status":"publish","type":"post","link":"https:\/\/gpc-gabon.com\/fr\/letat-gabonais-gpc-la-seeg-et-la-sp-reunis-autour-du-projet-ipp-owendo\/","title":{"rendered":"L&#8217;\u00c9tat Gabonais, GPC, la SEEG, et la SP r\u00e9unis autour du projet IPP Owendo"},"content":{"rendered":"\n<p>Libreville, le 28 f\u00e9vrier 2025 \u2013 Les principaux acteurs du secteur de l\u2019\u00e9nergie se sont &nbsp;&nbsp;r\u00e9unis hier \u00e0 l\u2019occasion d\u2019une r\u00e9union de coordination d\u00e9di\u00e9e au projet IPP Owendo, qui vise la construction de la nouvelle centrale thermique \u00e0 gaz de 125 MW \u00e0 Owendo. Cette rencontre visait \u00e0 pr\u00e9ciser le r\u00f4le de chaque partie prenante dans le nouveau calendrier d\u2019ex\u00e9cution, afin d\u2019acc\u00e9l\u00e9rer la r\u00e9alisation de ce projet prioritaire.<\/p>\n\n\n\n<p>Initi\u00e9e par le Ministre de l\u2019\u00c9nergie et des Ressources Hydrauliques, M. S\u00e9raphin AKURE-DAVAIN, cette s\u00e9ance de travail, pr\u00e9sid\u00e9e par le Directeur G\u00e9n\u00e9ral de l\u2019\u00c9nergie, M. Aristide NGARI, a rassembl\u00e9 plusieurs personnalit\u00e9s de premier plan, notamment le Gouverneur de la Province de l\u2019Estuaire, Mme Marie Fran\u00e7oise DIKOUMBA. \u00c9taient \u00e9galement pr\u00e9sents Mme Patricia OBIANG Ep. OUSSOU, Conseill\u00e8re Chef du D\u00e9partement P\u00e9trole, Hydrocarbure, Gaz, charg\u00e9 des mines, de l\u2019Eau et de l\u2019Energie \u00e0 la Primature, ainsi que les promoteurs du projet, Gabon Power Company et W\u00e4rtsil\u00e4, repr\u00e9sent\u00e9s par M. Philippe Jr. OSSOUCAH, Directeur G\u00e9n\u00e9ral de GPC, et M. Serge Brice NGODJOU, Administrateur Directeur G\u00e9n\u00e9ral du FGIS. L\u2019administrateur provisoire de la SEEG, M. Steeve Saurel Legnongo, ainsi que le Directeur G\u00e9n\u00e9ral de la Soci\u00e9t\u00e9 de Patrimoine, M. Patrick Rodrigue Yalis, figuraient \u00e9galement parmi les participants, aux c\u00f4t\u00e9s des repr\u00e9sentants de l\u2019Agence de R\u00e9gulation du Secteur de l\u2019\u00c9nergie et de l\u2019Eau (ARSEE), et des Minist\u00e8res en charge de l\u2019\u00c9conomie, des Comptes Publics et de l\u2019Environnement.<\/p>\n\n\n\n<div class=\"wp-block-columns is-layout-flex wp-container-core-columns-is-layout-9d6595d7 wp-block-columns-is-layout-flex\">\n<div class=\"wp-block-column is-layout-flow wp-block-column-is-layout-flow\">\n<figure class=\"wp-block-image size-large\"><img decoding=\"async\" width=\"768\" height=\"1024\" src=\"https:\/\/gpc-gabon.com\/fr\/wp-content\/uploads\/2025\/02\/IMG_0939-768x1024.jpg\" alt=\"\" class=\"wp-image-21871\" srcset=\"https:\/\/gpc-gabon.com\/fr\/wp-content\/uploads\/2025\/02\/IMG_0939-768x1024.jpg 768w, https:\/\/gpc-gabon.com\/fr\/wp-content\/uploads\/2025\/02\/IMG_0939-225x300.jpg 225w, https:\/\/gpc-gabon.com\/fr\/wp-content\/uploads\/2025\/02\/IMG_0939-1152x1536.jpg 1152w, https:\/\/gpc-gabon.com\/fr\/wp-content\/uploads\/2025\/02\/IMG_0939-1536x2048.jpg 1536w, https:\/\/gpc-gabon.com\/fr\/wp-content\/uploads\/2025\/02\/IMG_0939-scaled.jpg 1920w\" sizes=\"(max-width: 768px) 100vw, 768px\" \/><\/figure>\n<\/div>\n\n\n\n<div class=\"wp-block-column is-layout-flow wp-block-column-is-layout-flow\">\n<figure class=\"wp-block-image size-large\"><img decoding=\"async\" width=\"768\" height=\"1024\" src=\"https:\/\/gpc-gabon.com\/fr\/wp-content\/uploads\/2025\/02\/IMG_0918-768x1024.jpg\" alt=\"\" class=\"wp-image-21872\" srcset=\"https:\/\/gpc-gabon.com\/fr\/wp-content\/uploads\/2025\/02\/IMG_0918-768x1024.jpg 768w, https:\/\/gpc-gabon.com\/fr\/wp-content\/uploads\/2025\/02\/IMG_0918-225x300.jpg 225w, https:\/\/gpc-gabon.com\/fr\/wp-content\/uploads\/2025\/02\/IMG_0918-1152x1536.jpg 1152w, https:\/\/gpc-gabon.com\/fr\/wp-content\/uploads\/2025\/02\/IMG_0918.jpg 1512w\" sizes=\"(max-width: 768px) 100vw, 768px\" \/><\/figure>\n<\/div>\n\n\n\n<div class=\"wp-block-column is-layout-flow wp-block-column-is-layout-flow\">\n<figure class=\"wp-block-image size-large\"><img decoding=\"async\" width=\"768\" height=\"1024\" src=\"https:\/\/gpc-gabon.com\/fr\/wp-content\/uploads\/2025\/02\/IMG_0912-768x1024.jpg\" alt=\"\" class=\"wp-image-21870\" srcset=\"https:\/\/gpc-gabon.com\/fr\/wp-content\/uploads\/2025\/02\/IMG_0912-768x1024.jpg 768w, https:\/\/gpc-gabon.com\/fr\/wp-content\/uploads\/2025\/02\/IMG_0912-225x300.jpg 225w, https:\/\/gpc-gabon.com\/fr\/wp-content\/uploads\/2025\/02\/IMG_0912-1152x1536.jpg 1152w, https:\/\/gpc-gabon.com\/fr\/wp-content\/uploads\/2025\/02\/IMG_0912-1536x2048.jpg 1536w, https:\/\/gpc-gabon.com\/fr\/wp-content\/uploads\/2025\/02\/IMG_0912-scaled.jpg 1920w\" sizes=\"(max-width: 768px) 100vw, 768px\" \/><\/figure>\n<\/div>\n<\/div>\n\n\n\n<p><\/p>\n\n\n\n<p>\u00c0 l\u2019issue de la r\u00e9union, <strong>le Pr\u00e9sident de cette s\u00e9ance, M. Aristide NGARI, Directeur G\u00e9n\u00e9ral de l\u2019\u00c9nergie<\/strong> a d\u00e9clar\u00e9 : \u00ab <em>Je me r\u00e9jouis d\u2019avoir conduit cette r\u00e9union strat\u00e9gique qui de permis \u00e0 rassembler tous les acteurs du secteur de l\u2019\u00e9nergie afin de prendre connaissance des avanc\u00e9es techniques, juridiques, environnementales et sociales r\u00e9alis\u00e9es par les promoteurs du projet, \u00e0 savoir GPC, W\u00e4rtsil\u00e4, Africa50 et MP Energy. Cette rencontre a \u00e9galement \u00e9t\u00e9 l\u2019occasion de d\u00e9finir l\u2019apport de chacun et de rappeler l\u2019importance de respecter le calendrier fix\u00e9, afin de tirer parti de la saison s\u00e8che pour entamer les travaux de g\u00e9nie civil et assurer la mise en service des 125 MW en 2027. Ce jalon cl\u00e9 nous permettra de nous affranchir progressivement des solutions temporaires d\u2019urgence actuellement en place.<\/em> \u00bb<\/p>\n\n\n\n<p>Sur le volet social, Gabon Power Company a inform\u00e9 l\u2019assembl\u00e9e de l\u2019ach\u00e8vement de la campagne de signature des actes d\u2019acceptation avec les personnes affect\u00e9es par le projet, d\u00e9finissant ainsi les compensations auxquelles elles ont droit. \u00c0 ce sujet, <strong>Mme Marie Fran\u00e7oise DIKOUMBA, le Gouverneur de la Province de l\u2019Estuaire<\/strong>, a soulign\u00e9 : \u00ab <em>Les personnes impact\u00e9es par le projet IPP Owendo ont \u00e9t\u00e9 pleinement associ\u00e9es \u00e0 toutes les \u00e9tapes du Plan d\u2019Actions de R\u00e9installation, notamment les consultations publiques, les \u00e9valuations des biens agricoles et du cadre b\u00e2ti, ainsi que les due diligences des pr\u00eateurs. La signature des actes de d\u2019acceptations constitue donc l\u2019aboutissement d\u2019un processus rigoureux et transparent, t\u00e9moignant de la volont\u00e9 de tous les acteurs de garantir des indemnit\u00e9s justes et \u00e9quitables, adapt\u00e9es \u00e0 l\u2019impact du projet sur le quotidien et l\u2019environnement des populations concern\u00e9es<\/em>. \u00bb<\/p>\n\n\n\n<figure class=\"wp-block-image size-large\"><img decoding=\"async\" width=\"768\" height=\"1024\" src=\"https:\/\/gpc-gabon.com\/fr\/wp-content\/uploads\/2025\/02\/IMG_0890-768x1024.jpg\" alt=\"\" class=\"wp-image-21873\" srcset=\"https:\/\/gpc-gabon.com\/fr\/wp-content\/uploads\/2025\/02\/IMG_0890-768x1024.jpg 768w, https:\/\/gpc-gabon.com\/fr\/wp-content\/uploads\/2025\/02\/IMG_0890-225x300.jpg 225w, https:\/\/gpc-gabon.com\/fr\/wp-content\/uploads\/2025\/02\/IMG_0890-1152x1536.jpg 1152w, https:\/\/gpc-gabon.com\/fr\/wp-content\/uploads\/2025\/02\/IMG_0890-1536x2048.jpg 1536w, https:\/\/gpc-gabon.com\/fr\/wp-content\/uploads\/2025\/02\/IMG_0890-scaled.jpg 1920w\" sizes=\"(max-width: 768px) 100vw, 768px\" \/><\/figure>\n\n\n\n<p><\/p>\n\n\n\n<p>Par ailleurs, <strong>M. Philippe Jr. OSSOUCAH, le Directeur G\u00e9n\u00e9ral de GPC <\/strong>, a salu\u00e9 la mobilisation du secteur autour de ce projet d\u2019envergure : \u00ab <em>Je tiens \u00e0 remercier l\u2019ensemble des parties prenantes pour leur engagement lors de cette r\u00e9union de coordination. Leur pr\u00e9sence t\u00e9moigne de la volont\u00e9 collective du secteur de trouver des solutions p\u00e9renne et durables \u00e0 la crise \u00e9nerg\u00e9tique qui affecte le pays. Gr\u00e2ce au projet IPP Owendo, plusieurs entreprises locales auront l\u2019opportunit\u00e9 de mettre en valeur leur expertise d\u00e8s le lancement des travaux de g\u00e9nie civil, pr\u00e9vu pour juin 2025. Cette phase offrira \u00e9galement de nombreuses opportunit\u00e9s d\u2019emploi aux jeunes, avec une priorit\u00e9 accord\u00e9e aux travailleurs gabonais.<\/em> \u00bb<\/p>\n\n\n\n<p>Ces avanc\u00e9es t\u00e9moignent par ailleurs de l\u2019engagement du Fonds Gabonais d\u2019Investissements Strat\u00e9giques (FGIS) en faveur de projets \u00e9coresponsables, valorisant les ressources naturelles du pays pour une prosp\u00e9rit\u00e9 partag\u00e9e. <\/p>\n\n\n\n<p><strong><u>CONTACT PRESSE<\/u><\/strong><\/p>\n\n\n\n<p>Ang\u00e9ryce VOUVOU MAVINGA, Charg\u00e9 Communication et Relations Publiques de GPC<\/p>\n\n\n\n<p>074 49 04 20 \/ <a href=\"mailto:amavinga@gpc-gabon.com\">amavinga@gpc-gabon.com<\/a><\/p>\n","protected":false},"excerpt":{"rendered":"<p>Libreville, le 28 f\u00e9vrier 2025 \u2013 Les principaux acteurs du secteur de l\u2019\u00e9nergie se sont &nbsp;&nbsp;r\u00e9unis hier \u00e0 l\u2019occasion d\u2019une r\u00e9union de coordination d\u00e9di\u00e9e au projet IPP Owendo, qui vise la construction de la nouvelle centrale thermique \u00e0 gaz de 125 MW \u00e0 Owendo. Cette rencontre visait \u00e0 pr\u00e9ciser le r\u00f4le de chaque partie prenante [&hellip;]<\/p>\n","protected":false},"author":1,"featured_media":21869,"comment_status":"closed","ping_status":"open","sticky":false,"template":"","format":"standard","meta":{"footnotes":""},"categories":[68],"tags":[],"class_list":["post-21867","post","type-post","status-publish","format-standard","has-post-thumbnail","hentry","category-article-de-presse"],"_links":{"self":[{"href":"https:\/\/gpc-gabon.com\/fr\/wp-json\/wp\/v2\/posts\/21867","targetHints":{"allow":["GET"]}}],"collection":[{"href":"https:\/\/gpc-gabon.com\/fr\/wp-json\/wp\/v2\/posts"}],"about":[{"href":"https:\/\/gpc-gabon.com\/fr\/wp-json\/wp\/v2\/types\/post"}],"author":[{"embeddable":true,"href":"https:\/\/gpc-gabon.com\/fr\/wp-json\/wp\/v2\/users\/1"}],"replies":[{"embeddable":true,"href":"https:\/\/gpc-gabon.com\/fr\/wp-json\/wp\/v2\/comments?post=21867"}],"version-history":[{"count":2,"href":"https:\/\/gpc-gabon.com\/fr\/wp-json\/wp\/v2\/posts\/21867\/revisions"}],"predecessor-version":[{"id":21875,"href":"https:\/\/gpc-gabon.com\/fr\/wp-json\/wp\/v2\/posts\/21867\/revisions\/21875"}],"wp:featuredmedia":[{"embeddable":true,"href":"https:\/\/gpc-gabon.com\/fr\/wp-json\/wp\/v2\/media\/21869"}],"wp:attachment":[{"href":"https:\/\/gpc-gabon.com\/fr\/wp-json\/wp\/v2\/media?parent=21867"}],"wp:term":[{"taxonomy":"category","embeddable":true,"href":"https:\/\/gpc-gabon.com\/fr\/wp-json\/wp\/v2\/categories?post=21867"},{"taxonomy":"post_tag","embeddable":true,"href":"https:\/\/gpc-gabon.com\/fr\/wp-json\/wp\/v2\/tags?post=21867"}],"curies":[{"name":"wp","href":"https:\/\/api.w.org\/{rel}","templated":true}]}}