{"id":21252,"date":"2022-06-17T09:20:48","date_gmt":"2022-06-17T08:20:48","guid":{"rendered":"https:\/\/gpc-gabon.com\/fr\/?p=21252"},"modified":"2022-06-17T18:41:36","modified_gmt":"2022-06-17T17:41:36","slug":"21252-2","status":"publish","type":"post","link":"https:\/\/gpc-gabon.com\/fr\/21252-2\/","title":{"rendered":"Le FGIS, ses filiales et l&#8217;USTM signent une convention de partenariat pour promouvoir l&#8217;employabilit\u00e9 des jeunes"},"content":{"rendered":"\n<p>Le Fonds Gabonais d\u2019Investissements Strat\u00e9giques (FGIS) et ses entit\u00e9s sous gestion ont sign\u00e9 le vendredi 3 juin 2022 en marge du Forum USTM-Entreprises une convention de partenariat avec l\u2019Universit\u00e9 des Sciences et Techniques de Masuku (USTM), visant \u00e0 promouvoir l\u2019employabilit\u00e9 des jeunes dipl\u00f4m\u00e9s et le d\u00e9veloppement des capacit\u00e9s techniques des deux structures.<\/p>\n\n\n\n<p>\u00c0 travers cette collaboration, le FGIS, ses filiales et l\u2019USTM ont notamment pour objectifs de mettre en place des passerelles afin d\u2019encourager les transferts de comp\u00e9tences entre les experts du Fonds, les \u00e9tudiants et chercheurs, ainsi que de faciliter l\u2019insertion professionnelle des \u00e9tudiants de l\u2019USTM.<\/p>\n\n\n\n<p>Gabon Power Company (GPC) et la Fa\u00e7ade Maritime du Champ Triomphal (FMCT), filiales du FGIS respectivement d\u00e9di\u00e9es \u00e0 la r\u00e9alisation de projets \u00e9nerg\u00e9tiques et \u00e0 l\u2019am\u00e9nagement de la Baie des Rois, se sont \u00e9galement engag\u00e9es \u00e0 collaborer avec l\u2019USTM. GPC a notamment pr\u00e9sent\u00e9 un plan visant \u00e0 recruter des ing\u00e9nieurs et des techniciens entre 2024 et 2026, pour l\u2019exploitation maintenance des centrales en construction. La FMCT, quant \u00e0 elle, a pour projet de recruter des profils techniques dans le g\u00e9nie civil et le b\u00e2timent entre 2022 et 2023.<\/p>\n\n\n\n<p><\/p>\n\n\n\n<figure class=\"wp-block-gallery has-nested-images columns-default is-cropped wp-block-gallery-1 is-layout-flex wp-block-gallery-is-layout-flex\">\n<figure class=\"wp-block-image size-large\"><img decoding=\"async\" width=\"1000\" height=\"666\" data-id=\"21257\" src=\"https:\/\/gpc-gabon.com\/fr\/wp-content\/uploads\/2022\/06\/Photo-1-4.jpeg\" alt=\"\" class=\"wp-image-21257\" srcset=\"https:\/\/gpc-gabon.com\/fr\/wp-content\/uploads\/2022\/06\/Photo-1-4.jpeg 1000w, https:\/\/gpc-gabon.com\/fr\/wp-content\/uploads\/2022\/06\/Photo-1-4-300x200.jpeg 300w, https:\/\/gpc-gabon.com\/fr\/wp-content\/uploads\/2022\/06\/Photo-1-4-768x511.jpeg 768w\" sizes=\"(max-width: 1000px) 100vw, 1000px\" \/><\/figure>\n<\/figure>\n\n\n\n<p>Les axes prioritaires de cette convention sont :<\/p>\n\n\n\n<p>\u25cf La formation, mise en avant \u00e0 travers la co-cr\u00e9ation de formations dipl\u00f4mantes pour les employ\u00e9s des soci\u00e9t\u00e9s \u00e0 caract\u00e8re technique du Fonds et les \u00e9tudiants de l\u2019USTM, ainsi que l\u2019intervention des cadres et dirigeants desdites soci\u00e9t\u00e9s en tant qu\u2019enseignants vacataires,<\/p>\n\n\n\n<p>\u25cf La recherche, qui sera d\u00e9velopp\u00e9e \u00e0 travers des projets de th\u00e8se et de recherche co-encadr\u00e9s et co-financ\u00e9s, ainsi que par la mise \u00e0 disposition d\u2019un appui technique et financier pour l\u2019acquisition d\u2019\u00e9quipements adapt\u00e9s,<\/p>\n\n\n\n<p>\u25cf Le recrutement, visant \u00e0 d\u00e9velopper l\u2019acc\u00e8s des \u00e9tudiants aux programmes d\u2019alternance et aux stages, ainsi que leur insertion professionnelle, \u00e0 travers l\u2019organisation de forums d\u2019emploi,<\/p>\n\n\n\n<p>\u25cf L&#8217;information, la communication et la manifestation scientifique, \u00e0 travers l\u2019organisation d\u2019\u00e9v\u00e9nements et de campagnes de sensibilisation sur les secteurs et les m\u00e9tiers du FGIS et de ses entit\u00e9s,<\/p>\n\n\n\n<p>\u25cf Le volet handicap et social, qui aura pour objectif de d\u00e9velopper les possibilit\u00e9s d\u2019accueil des \u00e9tudiants en situation de handicap au sein des structures du FGIS et de ses entit\u00e9s.<\/p>\n\n\n\n<p>\u00ab \u00c0 travers ce partenariat, nous souhaitons pleinement participer au renforcement des comp\u00e9tences techniques et scientifiques au Gabon, ainsi qu\u2019\u00e0 l&#8217;\u00e9mergence de talents locaux. Je remercie \u00e9galement les \u00e9quipes de l\u2019USTM pour leur confiance et pour leur travail au service de la jeunesse gabonaise. \u00bb, a d\u00e9clar\u00e9 Akim Mohamed DAOUDA, Administrateur-Directeur G\u00e9n\u00e9ral du FGIS.<\/p>\n\n\n\n<p>\u00ab Je tiens \u00e0 saluer Monsieur l\u2019Administrateur-Directeur G\u00e9n\u00e9ral du FGIS d\u2019avoir \u00e9t\u00e9 sensible \u00e0 notre projet de Mutation P\u00e9dagogique. La collaboration ainsi d\u00e9finie entre nos entit\u00e9s se doit d\u2019\u00eatre anim\u00e9e par l\u2019expression sans r\u00e9serve des talents aussi bien du corps enseignant que de nos \u00e9tudiants, futurs stagiaires du monde professionnel. \u00bb a d\u00e9clar\u00e9 Pr Cr\u00e9pin ELLA MISSANG, Recteur de l\u2019USTM.<\/p>\n\n\n\n<figure class=\"wp-block-image size-large\"><img decoding=\"async\" width=\"1024\" height=\"683\" src=\"https:\/\/gpc-gabon.com\/fr\/wp-content\/uploads\/2022\/06\/Photo-4-3-1024x683.jpeg\" alt=\"\" class=\"wp-image-21256\" srcset=\"https:\/\/gpc-gabon.com\/fr\/wp-content\/uploads\/2022\/06\/Photo-4-3-1024x683.jpeg 1024w, https:\/\/gpc-gabon.com\/fr\/wp-content\/uploads\/2022\/06\/Photo-4-3-300x200.jpeg 300w, https:\/\/gpc-gabon.com\/fr\/wp-content\/uploads\/2022\/06\/Photo-4-3-768x512.jpeg 768w, https:\/\/gpc-gabon.com\/fr\/wp-content\/uploads\/2022\/06\/Photo-4-3.jpeg 1080w\" sizes=\"(max-width: 1024px) 100vw, 1024px\" \/><\/figure>\n\n\n\n<p>L\u2019USTM, \u00e9tablissement public inaugur\u00e9 en 1986 \u00e0 Franceville, est d\u00e9di\u00e9 aux domaines de la technologie et des sciences, et offre des formations de tous niveaux, allant jusqu\u2019au Doctorat. Ce nouveau projet de partenariat, qui se place dans la lign\u00e9e des actions du FGIS pour la promotion de l\u2019emploi, telles que son appui \u00e0 l\u2019expansion des activit\u00e9s de l\u2019Office National de l\u2019Emploi, confirme la volont\u00e9 du Fonds d\u2019accompagner les institutions publiques, de participer au d\u00e9veloppement du capital humain au Gabon et de promouvoir la prosp\u00e9rit\u00e9 partag\u00e9e des g\u00e9n\u00e9rations futures gabonaises.<\/p>\n","protected":false},"excerpt":{"rendered":"<p>Le Fonds Gabonais d\u2019Investissements Strat\u00e9giques (FGIS) et ses entit\u00e9s sous gestion ont sign\u00e9 le vendredi 3 juin 2022 en marge du Forum USTM-Entreprises une convention de partenariat avec l\u2019Universit\u00e9 des Sciences et Techniques de Masuku (USTM), visant \u00e0 promouvoir l\u2019employabilit\u00e9 des jeunes dipl\u00f4m\u00e9s et le d\u00e9veloppement des capacit\u00e9s techniques des deux structures. \u00c0 travers cette [&hellip;]<\/p>\n","protected":false},"author":1,"featured_media":21253,"comment_status":"closed","ping_status":"open","sticky":false,"template":"","format":"standard","meta":{"footnotes":""},"categories":[65],"tags":[],"class_list":["post-21252","post","type-post","status-publish","format-standard","has-post-thumbnail","hentry","category-communique-de-presse"],"_links":{"self":[{"href":"https:\/\/gpc-gabon.com\/fr\/wp-json\/wp\/v2\/posts\/21252","targetHints":{"allow":["GET"]}}],"collection":[{"href":"https:\/\/gpc-gabon.com\/fr\/wp-json\/wp\/v2\/posts"}],"about":[{"href":"https:\/\/gpc-gabon.com\/fr\/wp-json\/wp\/v2\/types\/post"}],"author":[{"embeddable":true,"href":"https:\/\/gpc-gabon.com\/fr\/wp-json\/wp\/v2\/users\/1"}],"replies":[{"embeddable":true,"href":"https:\/\/gpc-gabon.com\/fr\/wp-json\/wp\/v2\/comments?post=21252"}],"version-history":[{"count":8,"href":"https:\/\/gpc-gabon.com\/fr\/wp-json\/wp\/v2\/posts\/21252\/revisions"}],"predecessor-version":[{"id":21269,"href":"https:\/\/gpc-gabon.com\/fr\/wp-json\/wp\/v2\/posts\/21252\/revisions\/21269"}],"wp:featuredmedia":[{"embeddable":true,"href":"https:\/\/gpc-gabon.com\/fr\/wp-json\/wp\/v2\/media\/21253"}],"wp:attachment":[{"href":"https:\/\/gpc-gabon.com\/fr\/wp-json\/wp\/v2\/media?parent=21252"}],"wp:term":[{"taxonomy":"category","embeddable":true,"href":"https:\/\/gpc-gabon.com\/fr\/wp-json\/wp\/v2\/categories?post=21252"},{"taxonomy":"post_tag","embeddable":true,"href":"https:\/\/gpc-gabon.com\/fr\/wp-json\/wp\/v2\/tags?post=21252"}],"curies":[{"name":"wp","href":"https:\/\/api.w.org\/{rel}","templated":true}]}}